{"id":414,"date":"2026-08-31T03:41:06","date_gmt":"2026-08-31T01:41:06","guid":{"rendered":"https:\/\/lachroniquehaiti.com\/?p=414"},"modified":"2026-08-31T03:41:10","modified_gmt":"2026-08-31T01:41:10","slug":"violences-a-kenscoff-chaina-desir-exprime-son-indignation-apres-la-nuit-du-22-au-23-aout","status":"publish","type":"post","link":"https:\/\/lachroniquehaiti.com\/?p=414","title":{"rendered":"Violences \u00e0 Kenscoff: Cha\u00efna D\u00c9SIR exprime son indignation apr\u00e8s la nuit du 22 au 23 ao\u00fbt."},"content":{"rendered":"\n<p class=\"wp-block-paragraph\"><\/p>\n\n\n\n<p class=\"wp-block-paragraph\">Cha\u00efna D\u00c9SIR, en fin de parcours universitaire en sciences politiques, engag\u00e9e dans la vie citoyenne et originaire de Kenscoff, dit toute son affliction devant les violences commises par des groupes arm\u00e9s dans la Commune durant la nuit du 22 au 23 ao\u00fbt 2026.<\/p>\n\n\n\n<p class=\"wp-block-paragraph\">Personnellement touch\u00e9e par ce drame, elle fait savoir que plusieurs des personnes affect\u00e9es font partie de son entourage, de ses camarades et de sa communaut\u00e9 d&rsquo;origine.<\/p>\n\n\n\n<p class=\"wp-block-paragraph\">Elle d\u00e9plore vivement cette situation, qu&rsquo;elle impute \u00e0 l&rsquo;ins\u00e9curit\u00e9 qui s&rsquo;installe durablement et \u00e0 l&rsquo;insuffisance des mesures \u00e9tatiques cens\u00e9es pour prot\u00e9ger la population.<\/p>\n\n\n\n<p class=\"wp-block-paragraph\">Elle exprime sa solidarit\u00e9 envers les victimes et leurs familles, tout en demandant aux autorit\u00e9s concern\u00e9es de poser les actes n\u00e9cessaires pour restaurer la paix et la s\u00e9curit\u00e9 \u00e0 Kenscoff.<\/p>\n\n\n\n<p class=\"wp-block-paragraph\">Pour elle, remettre ladite Commune en ordre repr\u00e9sente une priorit\u00e9 pressante. Cela ne se limite pas \u00e0 s\u00e9curiser les lieux, il faut aussi rendre aux habitants la conviction que leur vie a du prix et que l&rsquo;\u00c9tat ne se d\u00e9robe pas \u00e0 son devoir.<\/p>\n\n\n\n<p class=\"wp-block-paragraph\">\u00ab Kenscoff est ma commune. C&rsquo;est l\u00e0 que vivent mes proches, mes camarades, ma famille. Je ne peux donc pas rester indiff\u00e9rente face \u00e0 ce qui s&rsquo;y passe. Je souhaite profond\u00e9ment que l&rsquo;ordre soit r\u00e9tabli dans la commune et que les habitants puissent retrouver la paix et la s\u00e9curit\u00e9 auxquelles ils ont droit \u00bb, affirme-t-elle.<\/p>\n\n\n\n<p class=\"wp-block-paragraph\">Par cette prise de parole, la jeune politologue cherche \u00e0 porter la voix d&rsquo;une communaut\u00e9 frapp\u00e9e par le deuil et \u00e0 rappeler que chaque victime repr\u00e9sente une famille, une histoire et une existence bris\u00e9e par la violence.<\/p>\n","protected":false},"excerpt":{"rendered":"<p>Cha\u00efna D\u00c9SIR, en fin de parcours universitaire en sciences politiques, engag\u00e9e dans la vie citoyenne et originaire de<\/p>\n","protected":false},"author":2,"featured_media":415,"comment_status":"open","ping_status":"open","sticky":false,"template":"","format":"standard","meta":{"_jetpack_memberships_contains_paid_content":false,"footnotes":"","jetpack_publicize_message":"","jetpack_publicize_feature_enabled":true,"jetpack_social_post_already_shared":true,"jetpack_social_options":{"image_generator_settings":{"template":"highway","default_image_id":0,"font":"","enabled":false},"version":2}},"categories":[2],"tags":[],"class_list":["post-414","post","type-post","status-publish","format-standard","has-post-thumbnail","hentry","category-acceuil"],"yoast_head":"<!-- This site is optimized with the Yoast SEO plugin v28.4 - https:\/\/yoast.com\/product\/yoast-seo-wordpress\/ -->\n<title>Violences \u00e0 Kenscoff: Cha\u00efna D\u00c9SIR exprime son indignation apr\u00e8s la nuit du 22 au 23 ao\u00fbt. - La Chronique Haiti<\/title>\n<meta name=\"robots\" content=\"index, follow, max-snippet:-1, max-image-preview:large, max-video-preview:-1\" \/>\n<link rel=\"canonical\" href=\"https:\/\/lachroniquehaiti.com\/?p=414\" \/>\n<meta property=\"og:locale\" content=\"fr_FR\" \/>\n<meta property=\"og:type\" content=\"article\" \/>\n<meta property=\"og:title\" content=\"Violences \u00e0 Kenscoff: Cha\u00efna D\u00c9SIR exprime son indignation apr\u00e8s la nuit du 22 au 23 ao\u00fbt. - La Chronique Haiti\" \/>\n<meta property=\"og:description\" content=\"Cha\u00efna D\u00c9SIR, en fin de parcours universitaire en sciences politiques, engag\u00e9e dans la vie citoyenne et originaire de\" \/>\n<meta property=\"og:url\" content=\"https:\/\/lachroniquehaiti.com\/?p=414\" \/>\n<meta property=\"og:site_name\" content=\"La Chronique Haiti\" \/>\n<meta property=\"article:published_time\" content=\"2026-08-31T01:41:06+00:00\" \/>\n<meta property=\"article:modified_time\" content=\"2026-08-31T01:41:10+00:00\" \/>\n<meta property=\"og:image\" content=\"https:\/\/lachroniquehaiti.com\/wp-content\/uploads\/2026\/08\/461e5b20-59c0-4ebd-ba6a-33cc98efdd88.jpeg\" \/>\n\t<meta property=\"og:image:width\" content=\"854\" \/>\n\t<meta property=\"og:image:height\" content=\"1281\" \/>\n\t<meta property=\"og:image:type\" content=\"image\/jpeg\" \/>\n<meta name=\"author\" content=\"Gamaniel Valcourt\" \/>\n<meta name=\"twitter:card\" content=\"summary_large_image\" \/>\n<meta name=\"twitter:label1\" content=\"\u00c9crit par\" \/>\n\t<meta name=\"twitter:data1\" content=\"Gamaniel Valcourt\" \/>\n\t<meta name=\"twitter:label2\" content=\"Dur\u00e9e de lecture estim\u00e9e\" \/>\n\t<meta name=\"twitter:data2\" content=\"2 minutes\" \/>\n<script type=\"application\/ld+json\" class=\"yoast-schema-graph\">{\"@context\":\"https:\\\/\\\/schema.org\",\"@graph\":[{\"@type\":\"Article\",\"@id\":\"https:\\\/\\\/lachroniquehaiti.com\\\/?p=414#article\",\"isPartOf\":{\"@id\":\"https:\\\/\\\/lachroniquehaiti.com\\\/?p=414\"},\"author\":{\"name\":\"Gamaniel Valcourt\",\"@id\":\"https:\\\/\\\/lachroniquehaiti.com\\\/#\\\/schema\\\/person\\\/d141e607104ad2319749ad7b63712aba\"},\"headline\":\"Violences \u00e0 Kenscoff: Cha\u00efna D\u00c9SIR exprime son indignation apr\u00e8s la nuit du 22 au 23 ao\u00fbt.\",\"datePublished\":\"2026-08-31T01:41:06+00:00\",\"dateModified\":\"2026-08-31T01:41:10+00:00\",\"mainEntityOfPage\":{\"@id\":\"https:\\\/\\\/lachroniquehaiti.com\\\/?p=414\"},\"wordCount\":297,\"commentCount\":0,\"image\":{\"@id\":\"https:\\\/\\\/lachroniquehaiti.com\\\/?p=414#primaryimage\"},\"thumbnailUrl\":\"https:\\\/\\\/lachroniquehaiti.com\\\/wp-content\\\/uploads\\\/2026\\\/08\\\/461e5b20-59c0-4ebd-ba6a-33cc98efdd88.jpeg\",\"articleSection\":[\"Acceuil\"],\"inLanguage\":\"fr-FR\",\"potentialAction\":[{\"@type\":\"CommentAction\",\"name\":\"Comment\",\"target\":[\"https:\\\/\\\/lachroniquehaiti.com\\\/?p=414#respond\"]}]},{\"@type\":\"WebPage\",\"@id\":\"https:\\\/\\\/lachroniquehaiti.com\\\/?p=414\",\"url\":\"https:\\\/\\\/lachroniquehaiti.com\\\/?p=414\",\"name\":\"Violences \u00e0 Kenscoff: Cha\u00efna D\u00c9SIR exprime son indignation apr\u00e8s la nuit du 22 au 23 ao\u00fbt. - La Chronique Haiti\",\"isPartOf\":{\"@id\":\"https:\\\/\\\/lachroniquehaiti.com\\\/#website\"},\"primaryImageOfPage\":{\"@id\":\"https:\\\/\\\/lachroniquehaiti.com\\\/?p=414#primaryimage\"},\"image\":{\"@id\":\"https:\\\/\\\/lachroniquehaiti.com\\\/?p=414#primaryimage\"},\"thumbnailUrl\":\"https:\\\/\\\/lachroniquehaiti.com\\\/wp-content\\\/uploads\\\/2026\\\/08\\\/461e5b20-59c0-4ebd-ba6a-33cc98efdd88.jpeg\",\"datePublished\":\"2026-08-31T01:41:06+00:00\",\"dateModified\":\"2026-08-31T01:41:10+00:00\",\"author\":{\"@id\":\"https:\\\/\\\/lachroniquehaiti.com\\\/#\\\/schema\\\/person\\\/d141e607104ad2319749ad7b63712aba\"},\"breadcrumb\":{\"@id\":\"https:\\\/\\\/lachroniquehaiti.com\\\/?p=414#breadcrumb\"},\"inLanguage\":\"fr-FR\",\"potentialAction\":[{\"@type\":\"ReadAction\",\"target\":[\"https:\\\/\\\/lachroniquehaiti.com\\\/?p=414\"]}]},{\"@type\":\"ImageObject\",\"inLanguage\":\"fr-FR\",\"@id\":\"https:\\\/\\\/lachroniquehaiti.com\\\/?p=414#primaryimage\",\"url\":\"https:\\\/\\\/lachroniquehaiti.com\\\/wp-content\\\/uploads\\\/2026\\\/08\\\/461e5b20-59c0-4ebd-ba6a-33cc98efdd88.jpeg\",\"contentUrl\":\"https:\\\/\\\/lachroniquehaiti.com\\\/wp-content\\\/uploads\\\/2026\\\/08\\\/461e5b20-59c0-4ebd-ba6a-33cc98efdd88.jpeg\",\"width\":854,\"height\":1281},{\"@type\":\"BreadcrumbList\",\"@id\":\"https:\\\/\\\/lachroniquehaiti.com\\\/?p=414#breadcrumb\",\"itemListElement\":[{\"@type\":\"ListItem\",\"position\":1,\"name\":\"Home\",\"item\":\"https:\\\/\\\/lachroniquehaiti.com\\\/\"},{\"@type\":\"ListItem\",\"position\":2,\"name\":\"Violences \u00e0 Kenscoff: Cha\u00efna D\u00c9SIR exprime son indignation apr\u00e8s la nuit du 22 au 23 ao\u00fbt.\"}]},{\"@type\":\"WebSite\",\"@id\":\"https:\\\/\\\/lachroniquehaiti.com\\\/#website\",\"url\":\"https:\\\/\\\/lachroniquehaiti.com\\\/\",\"name\":\"La Chronique Haiti\",\"description\":\"L&#039;information a toute heure\",\"potentialAction\":[{\"@type\":\"SearchAction\",\"target\":{\"@type\":\"EntryPoint\",\"urlTemplate\":\"https:\\\/\\\/lachroniquehaiti.com\\\/?s={search_term_string}\"},\"query-input\":{\"@type\":\"PropertyValueSpecification\",\"valueRequired\":true,\"valueName\":\"search_term_string\"}}],\"inLanguage\":\"fr-FR\"},{\"@type\":\"Person\",\"@id\":\"https:\\\/\\\/lachroniquehaiti.com\\\/#\\\/schema\\\/person\\\/d141e607104ad2319749ad7b63712aba\",\"name\":\"Gamaniel Valcourt\",\"image\":{\"@type\":\"ImageObject\",\"inLanguage\":\"fr-FR\",\"@id\":\"https:\\\/\\\/secure.gravatar.com\\\/avatar\\\/d6a1684b2b2a88c8d050e812b526d0034192ab4efa8dbd32b2277450073fb194?s=96&d=mm&r=g\",\"url\":\"https:\\\/\\\/secure.gravatar.com\\\/avatar\\\/d6a1684b2b2a88c8d050e812b526d0034192ab4efa8dbd32b2277450073fb194?s=96&d=mm&r=g\",\"contentUrl\":\"https:\\\/\\\/secure.gravatar.com\\\/avatar\\\/d6a1684b2b2a88c8d050e812b526d0034192ab4efa8dbd32b2277450073fb194?s=96&d=mm&r=g\",\"caption\":\"Gamaniel Valcourt\"},\"url\":\"https:\\\/\\\/lachroniquehaiti.com\\\/?author=2\"}]}<\/script>\n<!-- \/ Yoast SEO plugin. -->","yoast_head_json":{"title":"Violences \u00e0 Kenscoff: Cha\u00efna D\u00c9SIR exprime son indignation apr\u00e8s la nuit du 22 au 23 ao\u00fbt. - La Chronique Haiti","robots":{"index":"index","follow":"follow","max-snippet":"max-snippet:-1","max-image-preview":"max-image-preview:large","max-video-preview":"max-video-preview:-1"},"canonical":"https:\/\/lachroniquehaiti.com\/?p=414","og_locale":"fr_FR","og_type":"article","og_title":"Violences \u00e0 Kenscoff: Cha\u00efna D\u00c9SIR exprime son indignation apr\u00e8s la nuit du 22 au 23 ao\u00fbt. - La Chronique Haiti","og_description":"Cha\u00efna D\u00c9SIR, en fin de parcours universitaire en sciences politiques, engag\u00e9e dans la vie citoyenne et originaire de","og_url":"https:\/\/lachroniquehaiti.com\/?p=414","og_site_name":"La Chronique Haiti","article_published_time":"2026-08-31T01:41:06+00:00","article_modified_time":"2026-08-31T01:41:10+00:00","og_image":[{"width":854,"height":1281,"url":"https:\/\/lachroniquehaiti.com\/wp-content\/uploads\/2026\/08\/461e5b20-59c0-4ebd-ba6a-33cc98efdd88.jpeg","type":"image\/jpeg"}],"author":"Gamaniel Valcourt","twitter_card":"summary_large_image","twitter_misc":{"\u00c9crit par":"Gamaniel Valcourt","Dur\u00e9e de lecture estim\u00e9e":"2 minutes"},"schema":{"@context":"https:\/\/schema.org","@graph":[{"@type":"Article","@id":"https:\/\/lachroniquehaiti.com\/?p=414#article","isPartOf":{"@id":"https:\/\/lachroniquehaiti.com\/?p=414"},"author":{"name":"Gamaniel Valcourt","@id":"https:\/\/lachroniquehaiti.com\/#\/schema\/person\/d141e607104ad2319749ad7b63712aba"},"headline":"Violences \u00e0 Kenscoff: Cha\u00efna D\u00c9SIR exprime son indignation apr\u00e8s la nuit du 22 au 23 ao\u00fbt.","datePublished":"2026-08-31T01:41:06+00:00","dateModified":"2026-08-31T01:41:10+00:00","mainEntityOfPage":{"@id":"https:\/\/lachroniquehaiti.com\/?p=414"},"wordCount":297,"commentCount":0,"image":{"@id":"https:\/\/lachroniquehaiti.com\/?p=414#primaryimage"},"thumbnailUrl":"https:\/\/lachroniquehaiti.com\/wp-content\/uploads\/2026\/08\/461e5b20-59c0-4ebd-ba6a-33cc98efdd88.jpeg","articleSection":["Acceuil"],"inLanguage":"fr-FR","potentialAction":[{"@type":"CommentAction","name":"Comment","target":["https:\/\/lachroniquehaiti.com\/?p=414#respond"]}]},{"@type":"WebPage","@id":"https:\/\/lachroniquehaiti.com\/?p=414","url":"https:\/\/lachroniquehaiti.com\/?p=414","name":"Violences \u00e0 Kenscoff: Cha\u00efna D\u00c9SIR exprime son indignation apr\u00e8s la nuit du 22 au 23 ao\u00fbt. - La Chronique Haiti","isPartOf":{"@id":"https:\/\/lachroniquehaiti.com\/#website"},"primaryImageOfPage":{"@id":"https:\/\/lachroniquehaiti.com\/?p=414#primaryimage"},"image":{"@id":"https:\/\/lachroniquehaiti.com\/?p=414#primaryimage"},"thumbnailUrl":"https:\/\/lachroniquehaiti.com\/wp-content\/uploads\/2026\/08\/461e5b20-59c0-4ebd-ba6a-33cc98efdd88.jpeg","datePublished":"2026-08-31T01:41:06+00:00","dateModified":"2026-08-31T01:41:10+00:00","author":{"@id":"https:\/\/lachroniquehaiti.com\/#\/schema\/person\/d141e607104ad2319749ad7b63712aba"},"breadcrumb":{"@id":"https:\/\/lachroniquehaiti.com\/?p=414#breadcrumb"},"inLanguage":"fr-FR","potentialAction":[{"@type":"ReadAction","target":["https:\/\/lachroniquehaiti.com\/?p=414"]}]},{"@type":"ImageObject","inLanguage":"fr-FR","@id":"https:\/\/lachroniquehaiti.com\/?p=414#primaryimage","url":"https:\/\/lachroniquehaiti.com\/wp-content\/uploads\/2026\/08\/461e5b20-59c0-4ebd-ba6a-33cc98efdd88.jpeg","contentUrl":"https:\/\/lachroniquehaiti.com\/wp-content\/uploads\/2026\/08\/461e5b20-59c0-4ebd-ba6a-33cc98efdd88.jpeg","width":854,"height":1281},{"@type":"BreadcrumbList","@id":"https:\/\/lachroniquehaiti.com\/?p=414#breadcrumb","itemListElement":[{"@type":"ListItem","position":1,"name":"Home","item":"https:\/\/lachroniquehaiti.com\/"},{"@type":"ListItem","position":2,"name":"Violences \u00e0 Kenscoff: Cha\u00efna D\u00c9SIR exprime son indignation apr\u00e8s la nuit du 22 au 23 ao\u00fbt."}]},{"@type":"WebSite","@id":"https:\/\/lachroniquehaiti.com\/#website","url":"https:\/\/lachroniquehaiti.com\/","name":"La Chronique Haiti","description":"L&#039;information a toute heure","potentialAction":[{"@type":"SearchAction","target":{"@type":"EntryPoint","urlTemplate":"https:\/\/lachroniquehaiti.com\/?s={search_term_string}"},"query-input":{"@type":"PropertyValueSpecification","valueRequired":true,"valueName":"search_term_string"}}],"inLanguage":"fr-FR"},{"@type":"Person","@id":"https:\/\/lachroniquehaiti.com\/#\/schema\/person\/d141e607104ad2319749ad7b63712aba","name":"Gamaniel Valcourt","image":{"@type":"ImageObject","inLanguage":"fr-FR","@id":"https:\/\/secure.gravatar.com\/avatar\/d6a1684b2b2a88c8d050e812b526d0034192ab4efa8dbd32b2277450073fb194?s=96&d=mm&r=g","url":"https:\/\/secure.gravatar.com\/avatar\/d6a1684b2b2a88c8d050e812b526d0034192ab4efa8dbd32b2277450073fb194?s=96&d=mm&r=g","contentUrl":"https:\/\/secure.gravatar.com\/avatar\/d6a1684b2b2a88c8d050e812b526d0034192ab4efa8dbd32b2277450073fb194?s=96&d=mm&r=g","caption":"Gamaniel Valcourt"},"url":"https:\/\/lachroniquehaiti.com\/?author=2"}]}},"jetpack_publicize_connections":[],"jetpack_featured_media_url":"https:\/\/lachroniquehaiti.com\/wp-content\/uploads\/2026\/08\/461e5b20-59c0-4ebd-ba6a-33cc98efdd88.jpeg","jetpack_sharing_enabled":true,"_links":{"self":[{"href":"https:\/\/lachroniquehaiti.com\/index.php?rest_route=\/wp\/v2\/posts\/414","targetHints":{"allow":["GET"]}}],"collection":[{"href":"https:\/\/lachroniquehaiti.com\/index.php?rest_route=\/wp\/v2\/posts"}],"about":[{"href":"https:\/\/lachroniquehaiti.com\/index.php?rest_route=\/wp\/v2\/types\/post"}],"author":[{"embeddable":true,"href":"https:\/\/lachroniquehaiti.com\/index.php?rest_route=\/wp\/v2\/users\/2"}],"replies":[{"embeddable":true,"href":"https:\/\/lachroniquehaiti.com\/index.php?rest_route=%2Fwp%2Fv2%2Fcomments&post=414"}],"version-history":[{"count":1,"href":"https:\/\/lachroniquehaiti.com\/index.php?rest_route=\/wp\/v2\/posts\/414\/revisions"}],"predecessor-version":[{"id":416,"href":"https:\/\/lachroniquehaiti.com\/index.php?rest_route=\/wp\/v2\/posts\/414\/revisions\/416"}],"wp:featuredmedia":[{"embeddable":true,"href":"https:\/\/lachroniquehaiti.com\/index.php?rest_route=\/wp\/v2\/media\/415"}],"wp:attachment":[{"href":"https:\/\/lachroniquehaiti.com\/index.php?rest_route=%2Fwp%2Fv2%2Fmedia&parent=414"}],"wp:term":[{"taxonomy":"category","embeddable":true,"href":"https:\/\/lachroniquehaiti.com\/index.php?rest_route=%2Fwp%2Fv2%2Fcategories&post=414"},{"taxonomy":"post_tag","embeddable":true,"href":"https:\/\/lachroniquehaiti.com\/index.php?rest_route=%2Fwp%2Fv2%2Ftags&post=414"}],"curies":[{"name":"wp","href":"https:\/\/api.w.org\/{rel}","templated":true}]}}